{"id":272,"date":"2019-04-27T10:40:25","date_gmt":"2019-04-27T10:40:25","guid":{"rendered":"https:\/\/berninanavarra.com\/blog\/?p=272"},"modified":"2022-03-31T10:17:10","modified_gmt":"2022-03-31T10:17:10","slug":"visita-del-sr-ueltschi","status":"publish","type":"post","link":"https:\/\/berninanavarra.com\/blog\/visita-del-sr-ueltschi\/","title":{"rendered":"VISITA DEL SR. UELTSCHI"},"content":{"rendered":"<p>El pr\u00f3ximo Viernes 10 de Mayo de 16:30h. a 20:00h. nos visitar\u00e1 el <span style=\"color: #bf1515;\"><strong>Presidente de BERNINA, el se\u00f1or Ueltschi.<\/strong><\/span><\/p>\n<p>Sortearemos una <span style=\"color: #a3a31a;\"><strong>\u00a1\u00a1M\u00e1quina de Coser!!<\/strong><\/span> para los asistentes al taller <strong>\u00abCrea tu cartera\u00bb<\/strong> que realizaremos entre las 16:30h. y las 18:00h.<\/p>\n<p>Tambi\u00e9n Sortearemos una \u00ab<span style=\"color: #a3a31a;\"><strong>Cesta con Material de Costura\u00bb<\/strong><\/span> entre todos los asistentes al evento.<\/p>\n<p>Para amenizar la tarde os invitaremos a un rico LUNCH<\/p>\n<h2><span style=\"color: #ff0000;\">\u00bfTE LO VAS A PERDER?<\/span><\/h2>\n<p><a href=\"https:\/\/berninanavarra.com\/blog\/visita-del-sr-ueltschi\/cartel-uelthschi-bernina-redes\/\" rel=\"attachment wp-att-273\"><img loading=\"lazy\" decoding=\"async\" class=\"size-medium wp-image-273 alignleft\" src=\"https:\/\/berninanavarra.com\/blog\/wp-content\/uploads\/2019\/04\/cartel-uelthschi-BERNINA-redes-212x300.jpg\" alt=\"\" width=\"212\" height=\"300\" srcset=\"https:\/\/berninanavarra.com\/blog\/wp-content\/uploads\/2019\/04\/cartel-uelthschi-BERNINA-redes-212x300.jpg 212w, https:\/\/berninanavarra.com\/blog\/wp-content\/uploads\/2019\/04\/cartel-uelthschi-BERNINA-redes-768x1086.jpg 768w, https:\/\/berninanavarra.com\/blog\/wp-content\/uploads\/2019\/04\/cartel-uelthschi-BERNINA-redes-724x1024.jpg 724w, https:\/\/berninanavarra.com\/blog\/wp-content\/uploads\/2019\/04\/cartel-uelthschi-BERNINA-redes.jpg 1414w\" sizes=\"auto, (max-width: 212px) 100vw, 212px\" \/><\/a><\/p>\n","protected":false},"excerpt":{"rendered":"<p>El pr\u00f3ximo Viernes 10 de Mayo de 16:30h. a 20:00h. nos visitar\u00e1 el Presidente de BERNINA, el se\u00f1or Ueltschi. Sortearemos una \u00a1\u00a1M\u00e1quina de Coser!! para los asistentes al taller \u00abCrea tu cartera\u00bb que realizaremos entre las 16:30h. y las 18:00h. Tambi\u00e9n Sortearemos una \u00abCesta con Material de Costura\u00bb entre todos los asistentes al evento. Para [&hellip;]<\/p>\n","protected":false},"author":2,"featured_media":348,"comment_status":"open","ping_status":"closed","sticky":false,"template":"","format":"standard","meta":{"footnotes":""},"categories":[24],"tags":[34,35,33],"class_list":["post-272","post","type-post","status-publish","format-standard","has-post-thumbnail","hentry","category-blog","tag-ainaga-maquinas-de-coser","tag-bernina","tag-bernina-navarra"],"yoast_head":"<!-- This site is optimized with the Yoast SEO plugin v26.2 - https:\/\/yoast.com\/wordpress\/plugins\/seo\/ -->\n<title>Visita del Sr.Ueltschi en Bernina Navarra el viernes 10 de mayo de 2019<\/title>\n<meta name=\"description\" content=\"El pr\u00f3ximo Viernes 10 de Mayo de 16:30h. a 20:00h. nos visitar\u00e1 el Presidente de BERNINA, el se\u00f1or Ueltschi. Sortearemos una \u00a1\u00a1M\u00e1quina de Coser!!\" \/>\n<meta name=\"robots\" content=\"index, follow, max-snippet:-1, max-image-preview:large, max-video-preview:-1\" \/>\n<link rel=\"canonical\" href=\"https:\/\/berninanavarra.com\/blog\/visita-del-sr-ueltschi\/\" \/>\n<meta property=\"og:locale\" content=\"es_ES\" \/>\n<meta property=\"og:type\" content=\"article\" \/>\n<meta property=\"og:title\" content=\"Visita del Sr.Ueltschi en Bernina Navarra el viernes 10 de mayo de 2019\" \/>\n<meta property=\"og:description\" content=\"El pr\u00f3ximo Viernes 10 de Mayo de 16:30h. a 20:00h. nos visitar\u00e1 el Presidente de BERNINA, el se\u00f1or Ueltschi. Sortearemos una \u00a1\u00a1M\u00e1quina de Coser!!\" \/>\n<meta property=\"og:url\" content=\"https:\/\/berninanavarra.com\/blog\/visita-del-sr-ueltschi\/\" \/>\n<meta property=\"og:site_name\" content=\"Bernina Navarra - Blog\" \/>\n<meta property=\"article:publisher\" content=\"https:\/\/es-es.facebook.com\/berninanav\/\" \/>\n<meta property=\"article:published_time\" content=\"2019-04-27T10:40:25+00:00\" \/>\n<meta property=\"article:modified_time\" content=\"2022-03-31T10:17:10+00:00\" \/>\n<meta property=\"og:image\" content=\"https:\/\/berninanavarra.com\/blog\/wp-content\/uploads\/2019\/04\/imagen-ueltschi_BERNINA-navarra-2.jpg\" \/>\n\t<meta property=\"og:image:width\" content=\"800\" \/>\n\t<meta property=\"og:image:height\" content=\"800\" \/>\n\t<meta property=\"og:image:type\" content=\"image\/jpeg\" \/>\n<meta name=\"author\" content=\"Bernina Navarra\" \/>\n<meta name=\"twitter:card\" content=\"summary_large_image\" \/>\n<meta name=\"twitter:label1\" content=\"Escrito por\" \/>\n\t<meta name=\"twitter:data1\" content=\"Bernina Navarra\" \/>\n<script type=\"application\/ld+json\" class=\"yoast-schema-graph\">{\"@context\":\"https:\/\/schema.org\",\"@graph\":[{\"@type\":\"Article\",\"@id\":\"https:\/\/berninanavarra.com\/blog\/visita-del-sr-ueltschi\/#article\",\"isPartOf\":{\"@id\":\"https:\/\/berninanavarra.com\/blog\/visita-del-sr-ueltschi\/\"},\"author\":{\"name\":\"Bernina Navarra\",\"@id\":\"https:\/\/berninanavarra.com\/blog\/#\/schema\/person\/070c97a8c183181661284e6d5471a87e\"},\"headline\":\"VISITA DEL SR. UELTSCHI\",\"datePublished\":\"2019-04-27T10:40:25+00:00\",\"dateModified\":\"2022-03-31T10:17:10+00:00\",\"mainEntityOfPage\":{\"@id\":\"https:\/\/berninanavarra.com\/blog\/visita-del-sr-ueltschi\/\"},\"wordCount\":76,\"commentCount\":0,\"publisher\":{\"@id\":\"https:\/\/berninanavarra.com\/blog\/#organization\"},\"image\":{\"@id\":\"https:\/\/berninanavarra.com\/blog\/visita-del-sr-ueltschi\/#primaryimage\"},\"thumbnailUrl\":\"https:\/\/berninanavarra.com\/blog\/wp-content\/uploads\/2019\/04\/imagen-ueltschi_BERNINA-navarra-2.jpg\",\"keywords\":[\"ainaga maquinas de coser\",\"bernina\",\"bernina navarra\"],\"articleSection\":[\"Blog\"],\"inLanguage\":\"es\",\"potentialAction\":[{\"@type\":\"CommentAction\",\"name\":\"Comment\",\"target\":[\"https:\/\/berninanavarra.com\/blog\/visita-del-sr-ueltschi\/#respond\"]}]},{\"@type\":\"WebPage\",\"@id\":\"https:\/\/berninanavarra.com\/blog\/visita-del-sr-ueltschi\/\",\"url\":\"https:\/\/berninanavarra.com\/blog\/visita-del-sr-ueltschi\/\",\"name\":\"Visita del Sr.Ueltschi en Bernina Navarra el viernes 10 de mayo de 2019\",\"isPartOf\":{\"@id\":\"https:\/\/berninanavarra.com\/blog\/#website\"},\"primaryImageOfPage\":{\"@id\":\"https:\/\/berninanavarra.com\/blog\/visita-del-sr-ueltschi\/#primaryimage\"},\"image\":{\"@id\":\"https:\/\/berninanavarra.com\/blog\/visita-del-sr-ueltschi\/#primaryimage\"},\"thumbnailUrl\":\"https:\/\/berninanavarra.com\/blog\/wp-content\/uploads\/2019\/04\/imagen-ueltschi_BERNINA-navarra-2.jpg\",\"datePublished\":\"2019-04-27T10:40:25+00:00\",\"dateModified\":\"2022-03-31T10:17:10+00:00\",\"description\":\"El pr\u00f3ximo Viernes 10 de Mayo de 16:30h. a 20:00h. nos visitar\u00e1 el Presidente de BERNINA, el se\u00f1or Ueltschi. Sortearemos una \u00a1\u00a1M\u00e1quina de Coser!!\",\"breadcrumb\":{\"@id\":\"https:\/\/berninanavarra.com\/blog\/visita-del-sr-ueltschi\/#breadcrumb\"},\"inLanguage\":\"es\",\"potentialAction\":[{\"@type\":\"ReadAction\",\"target\":[\"https:\/\/berninanavarra.com\/blog\/visita-del-sr-ueltschi\/\"]}]},{\"@type\":\"ImageObject\",\"inLanguage\":\"es\",\"@id\":\"https:\/\/berninanavarra.com\/blog\/visita-del-sr-ueltschi\/#primaryimage\",\"url\":\"https:\/\/berninanavarra.com\/blog\/wp-content\/uploads\/2019\/04\/imagen-ueltschi_BERNINA-navarra-2.jpg\",\"contentUrl\":\"https:\/\/berninanavarra.com\/blog\/wp-content\/uploads\/2019\/04\/imagen-ueltschi_BERNINA-navarra-2.jpg\",\"width\":800,\"height\":800},{\"@type\":\"BreadcrumbList\",\"@id\":\"https:\/\/berninanavarra.com\/blog\/visita-del-sr-ueltschi\/#breadcrumb\",\"itemListElement\":[{\"@type\":\"ListItem\",\"position\":1,\"name\":\"Portada\",\"item\":\"https:\/\/berninanavarra.com\/blog\/\"},{\"@type\":\"ListItem\",\"position\":2,\"name\":\"VISITA DEL SR. UELTSCHI\"}]},{\"@type\":\"WebSite\",\"@id\":\"https:\/\/berninanavarra.com\/blog\/#website\",\"url\":\"https:\/\/berninanavarra.com\/blog\/\",\"name\":\"Bernina Navarra - Blog\",\"description\":\"Nuestras noticias\",\"publisher\":{\"@id\":\"https:\/\/berninanavarra.com\/blog\/#organization\"},\"potentialAction\":[{\"@type\":\"SearchAction\",\"target\":{\"@type\":\"EntryPoint\",\"urlTemplate\":\"https:\/\/berninanavarra.com\/blog\/?s={search_term_string}\"},\"query-input\":{\"@type\":\"PropertyValueSpecification\",\"valueRequired\":true,\"valueName\":\"search_term_string\"}}],\"inLanguage\":\"es\"},{\"@type\":\"Organization\",\"@id\":\"https:\/\/berninanavarra.com\/blog\/#organization\",\"name\":\"Bernina Navarra\",\"url\":\"https:\/\/berninanavarra.com\/blog\/\",\"logo\":{\"@type\":\"ImageObject\",\"inLanguage\":\"es\",\"@id\":\"https:\/\/berninanavarra.com\/blog\/#\/schema\/logo\/image\/\",\"url\":\"https:\/\/berninanavarra.com\/blog\/wp-content\/uploads\/2019\/04\/logo-bernina-navarra1.png\",\"contentUrl\":\"https:\/\/berninanavarra.com\/blog\/wp-content\/uploads\/2019\/04\/logo-bernina-navarra1.png\",\"width\":260,\"height\":60,\"caption\":\"Bernina Navarra\"},\"image\":{\"@id\":\"https:\/\/berninanavarra.com\/blog\/#\/schema\/logo\/image\/\"},\"sameAs\":[\"https:\/\/es-es.facebook.com\/berninanav\/\",\"https:\/\/www.instagram.com\/explore\/locations\/1020065372\/bernina-navarra-maquinas-de-coser?hl=es\"]},{\"@type\":\"Person\",\"@id\":\"https:\/\/berninanavarra.com\/blog\/#\/schema\/person\/070c97a8c183181661284e6d5471a87e\",\"name\":\"Bernina Navarra\",\"image\":{\"@type\":\"ImageObject\",\"inLanguage\":\"es\",\"@id\":\"https:\/\/berninanavarra.com\/blog\/#\/schema\/person\/image\/\",\"url\":\"https:\/\/secure.gravatar.com\/avatar\/02f0b7bfa7747d9038293da3d1973c2815a5d73953a6e79835232a8d951da04f?s=96&d=mm&r=g\",\"contentUrl\":\"https:\/\/secure.gravatar.com\/avatar\/02f0b7bfa7747d9038293da3d1973c2815a5d73953a6e79835232a8d951da04f?s=96&d=mm&r=g\",\"caption\":\"Bernina Navarra\"}}]}<\/script>\n<!-- \/ Yoast SEO plugin. -->","yoast_head_json":{"title":"Visita del Sr.Ueltschi en Bernina Navarra el viernes 10 de mayo de 2019","description":"El pr\u00f3ximo Viernes 10 de Mayo de 16:30h. a 20:00h. nos visitar\u00e1 el Presidente de BERNINA, el se\u00f1or Ueltschi. Sortearemos una \u00a1\u00a1M\u00e1quina de Coser!!","robots":{"index":"index","follow":"follow","max-snippet":"max-snippet:-1","max-image-preview":"max-image-preview:large","max-video-preview":"max-video-preview:-1"},"canonical":"https:\/\/berninanavarra.com\/blog\/visita-del-sr-ueltschi\/","og_locale":"es_ES","og_type":"article","og_title":"Visita del Sr.Ueltschi en Bernina Navarra el viernes 10 de mayo de 2019","og_description":"El pr\u00f3ximo Viernes 10 de Mayo de 16:30h. a 20:00h. nos visitar\u00e1 el Presidente de BERNINA, el se\u00f1or Ueltschi. Sortearemos una \u00a1\u00a1M\u00e1quina de Coser!!","og_url":"https:\/\/berninanavarra.com\/blog\/visita-del-sr-ueltschi\/","og_site_name":"Bernina Navarra - Blog","article_publisher":"https:\/\/es-es.facebook.com\/berninanav\/","article_published_time":"2019-04-27T10:40:25+00:00","article_modified_time":"2022-03-31T10:17:10+00:00","og_image":[{"width":800,"height":800,"url":"https:\/\/berninanavarra.com\/blog\/wp-content\/uploads\/2019\/04\/imagen-ueltschi_BERNINA-navarra-2.jpg","type":"image\/jpeg"}],"author":"Bernina Navarra","twitter_card":"summary_large_image","twitter_misc":{"Escrito por":"Bernina Navarra"},"schema":{"@context":"https:\/\/schema.org","@graph":[{"@type":"Article","@id":"https:\/\/berninanavarra.com\/blog\/visita-del-sr-ueltschi\/#article","isPartOf":{"@id":"https:\/\/berninanavarra.com\/blog\/visita-del-sr-ueltschi\/"},"author":{"name":"Bernina Navarra","@id":"https:\/\/berninanavarra.com\/blog\/#\/schema\/person\/070c97a8c183181661284e6d5471a87e"},"headline":"VISITA DEL SR. UELTSCHI","datePublished":"2019-04-27T10:40:25+00:00","dateModified":"2022-03-31T10:17:10+00:00","mainEntityOfPage":{"@id":"https:\/\/berninanavarra.com\/blog\/visita-del-sr-ueltschi\/"},"wordCount":76,"commentCount":0,"publisher":{"@id":"https:\/\/berninanavarra.com\/blog\/#organization"},"image":{"@id":"https:\/\/berninanavarra.com\/blog\/visita-del-sr-ueltschi\/#primaryimage"},"thumbnailUrl":"https:\/\/berninanavarra.com\/blog\/wp-content\/uploads\/2019\/04\/imagen-ueltschi_BERNINA-navarra-2.jpg","keywords":["ainaga maquinas de coser","bernina","bernina navarra"],"articleSection":["Blog"],"inLanguage":"es","potentialAction":[{"@type":"CommentAction","name":"Comment","target":["https:\/\/berninanavarra.com\/blog\/visita-del-sr-ueltschi\/#respond"]}]},{"@type":"WebPage","@id":"https:\/\/berninanavarra.com\/blog\/visita-del-sr-ueltschi\/","url":"https:\/\/berninanavarra.com\/blog\/visita-del-sr-ueltschi\/","name":"Visita del Sr.Ueltschi en Bernina Navarra el viernes 10 de mayo de 2019","isPartOf":{"@id":"https:\/\/berninanavarra.com\/blog\/#website"},"primaryImageOfPage":{"@id":"https:\/\/berninanavarra.com\/blog\/visita-del-sr-ueltschi\/#primaryimage"},"image":{"@id":"https:\/\/berninanavarra.com\/blog\/visita-del-sr-ueltschi\/#primaryimage"},"thumbnailUrl":"https:\/\/berninanavarra.com\/blog\/wp-content\/uploads\/2019\/04\/imagen-ueltschi_BERNINA-navarra-2.jpg","datePublished":"2019-04-27T10:40:25+00:00","dateModified":"2022-03-31T10:17:10+00:00","description":"El pr\u00f3ximo Viernes 10 de Mayo de 16:30h. a 20:00h. nos visitar\u00e1 el Presidente de BERNINA, el se\u00f1or Ueltschi. Sortearemos una \u00a1\u00a1M\u00e1quina de Coser!!","breadcrumb":{"@id":"https:\/\/berninanavarra.com\/blog\/visita-del-sr-ueltschi\/#breadcrumb"},"inLanguage":"es","potentialAction":[{"@type":"ReadAction","target":["https:\/\/berninanavarra.com\/blog\/visita-del-sr-ueltschi\/"]}]},{"@type":"ImageObject","inLanguage":"es","@id":"https:\/\/berninanavarra.com\/blog\/visita-del-sr-ueltschi\/#primaryimage","url":"https:\/\/berninanavarra.com\/blog\/wp-content\/uploads\/2019\/04\/imagen-ueltschi_BERNINA-navarra-2.jpg","contentUrl":"https:\/\/berninanavarra.com\/blog\/wp-content\/uploads\/2019\/04\/imagen-ueltschi_BERNINA-navarra-2.jpg","width":800,"height":800},{"@type":"BreadcrumbList","@id":"https:\/\/berninanavarra.com\/blog\/visita-del-sr-ueltschi\/#breadcrumb","itemListElement":[{"@type":"ListItem","position":1,"name":"Portada","item":"https:\/\/berninanavarra.com\/blog\/"},{"@type":"ListItem","position":2,"name":"VISITA DEL SR. UELTSCHI"}]},{"@type":"WebSite","@id":"https:\/\/berninanavarra.com\/blog\/#website","url":"https:\/\/berninanavarra.com\/blog\/","name":"Bernina Navarra - Blog","description":"Nuestras noticias","publisher":{"@id":"https:\/\/berninanavarra.com\/blog\/#organization"},"potentialAction":[{"@type":"SearchAction","target":{"@type":"EntryPoint","urlTemplate":"https:\/\/berninanavarra.com\/blog\/?s={search_term_string}"},"query-input":{"@type":"PropertyValueSpecification","valueRequired":true,"valueName":"search_term_string"}}],"inLanguage":"es"},{"@type":"Organization","@id":"https:\/\/berninanavarra.com\/blog\/#organization","name":"Bernina Navarra","url":"https:\/\/berninanavarra.com\/blog\/","logo":{"@type":"ImageObject","inLanguage":"es","@id":"https:\/\/berninanavarra.com\/blog\/#\/schema\/logo\/image\/","url":"https:\/\/berninanavarra.com\/blog\/wp-content\/uploads\/2019\/04\/logo-bernina-navarra1.png","contentUrl":"https:\/\/berninanavarra.com\/blog\/wp-content\/uploads\/2019\/04\/logo-bernina-navarra1.png","width":260,"height":60,"caption":"Bernina Navarra"},"image":{"@id":"https:\/\/berninanavarra.com\/blog\/#\/schema\/logo\/image\/"},"sameAs":["https:\/\/es-es.facebook.com\/berninanav\/","https:\/\/www.instagram.com\/explore\/locations\/1020065372\/bernina-navarra-maquinas-de-coser?hl=es"]},{"@type":"Person","@id":"https:\/\/berninanavarra.com\/blog\/#\/schema\/person\/070c97a8c183181661284e6d5471a87e","name":"Bernina Navarra","image":{"@type":"ImageObject","inLanguage":"es","@id":"https:\/\/berninanavarra.com\/blog\/#\/schema\/person\/image\/","url":"https:\/\/secure.gravatar.com\/avatar\/02f0b7bfa7747d9038293da3d1973c2815a5d73953a6e79835232a8d951da04f?s=96&d=mm&r=g","contentUrl":"https:\/\/secure.gravatar.com\/avatar\/02f0b7bfa7747d9038293da3d1973c2815a5d73953a6e79835232a8d951da04f?s=96&d=mm&r=g","caption":"Bernina Navarra"}}]}},"_links":{"self":[{"href":"https:\/\/berninanavarra.com\/blog\/wp-json\/wp\/v2\/posts\/272","targetHints":{"allow":["GET"]}}],"collection":[{"href":"https:\/\/berninanavarra.com\/blog\/wp-json\/wp\/v2\/posts"}],"about":[{"href":"https:\/\/berninanavarra.com\/blog\/wp-json\/wp\/v2\/types\/post"}],"author":[{"embeddable":true,"href":"https:\/\/berninanavarra.com\/blog\/wp-json\/wp\/v2\/users\/2"}],"replies":[{"embeddable":true,"href":"https:\/\/berninanavarra.com\/blog\/wp-json\/wp\/v2\/comments?post=272"}],"version-history":[{"count":9,"href":"https:\/\/berninanavarra.com\/blog\/wp-json\/wp\/v2\/posts\/272\/revisions"}],"predecessor-version":[{"id":350,"href":"https:\/\/berninanavarra.com\/blog\/wp-json\/wp\/v2\/posts\/272\/revisions\/350"}],"wp:featuredmedia":[{"embeddable":true,"href":"https:\/\/berninanavarra.com\/blog\/wp-json\/wp\/v2\/media\/348"}],"wp:attachment":[{"href":"https:\/\/berninanavarra.com\/blog\/wp-json\/wp\/v2\/media?parent=272"}],"wp:term":[{"taxonomy":"category","embeddable":true,"href":"https:\/\/berninanavarra.com\/blog\/wp-json\/wp\/v2\/categories?post=272"},{"taxonomy":"post_tag","embeddable":true,"href":"https:\/\/berninanavarra.com\/blog\/wp-json\/wp\/v2\/tags?post=272"}],"curies":[{"name":"wp","href":"https:\/\/api.w.org\/{rel}","templated":true}]}}